{"id":9331,"date":"2022-09-11T00:00:00","date_gmt":"2022-09-10T23:00:00","guid":{"rendered":"http:\/\/bm.baier-michels.local\/news\/roehr-impresses-at-the-classic-gala-3\/"},"modified":"2024-06-20T12:10:30","modified_gmt":"2024-06-20T11:10:30","slug":"roehr-impresses-at-the-classic-gala-3","status":"publish","type":"news","link":"https:\/\/www.baier-michels.com\/es\/news\/roehr-impresses-at-the-classic-gala-3\/","title":{"rendered":"R\u00f6hr impresses at the Classic-Gala"},"content":{"rendered":"<p>At the 18th edition of the Classic Gala in the picturesque baroque garden of Schwetzingen Castle, 160 historic automobiles were in the spotlight from September 2 to 4 &#8211; including <!--more-->14 special classic cars manufactured in Ober-Ramstadt in the 1920s and 1930s: jewels of the brand R\u00f6hr. The Odenwald appearance in Baden-W\u00fcrttemberg was excellently received by the jury panel of 25 international experts. Eleven R\u00f6hr vehicles won one of the rare honorary plaques. The R\u00f6hr 8 type RA, built in 1930 and provided by the W\u00fcrth Group subsidiary baier &#038; michels (b&#038;m), was even awarded as one of the most outstanding vehicles (vintages 1919 to 1930) of the entire classic car festival.<\/p>\n<p>J\u00f6rg Pohl, Chief technical Officer of the screw manufacturer located in the Rohrbach district of Ober-Ramstadt, commented: \u00abThe mere participation in an event where the world&#8217;s most beautiful and valuable classic vehicles are on stage is something exciting. Now to have won this award makes all of us at b&#038;m enormously proud.\u201d As a fastening technology supplier with 500 employees in eight countries working primarily for the automotive industry, b&#038;m sees itself in the tradition of R\u00f6hr. \u201eThe brand stood for innovation and high-quality products, and we are building on this with our philosophy. \u201c <\/p>\n<p>The R\u00f6hr event in Schwetzingen was accompanied by car specialist and book author Werner Schollenberger from the \u00abFreunde Historischer Fahrzeuge Ober-Ramstadt\u00bb association.  Speaking about the significance of the Classic-Gala, Schollenberger says: \u00abAs the only independent international Concours d&#8217;Elegance in Germany, the event offers automotive rarities from all decades. In addition to R\u00f6hr, the 2022 attractions included examples from Carrozzeria Bertone and design gems from Cadillac, as well as vehicles from traditional brands such as Mercedes, BMW and NSU.\u00bb<\/p>\n","protected":false},"excerpt":{"rendered":"<p>At the 18th edition of the Classic Gala in the picturesque baroque garden of Schwetzingen Castle, 160 historic automobiles were in the spotlight from September 2 to 4 &#8211; including<\/p>\n","protected":false},"author":2,"featured_media":0,"parent":0,"template":"","meta":{"_acf_changed":false},"class_list":["post-9331","news","type-news","status-publish","hentry"],"acf":[],"yoast_head":"<!-- This site is optimized with the Yoast SEO plugin v27.3 - https:\/\/yoast.com\/product\/yoast-seo-wordpress\/ -->\n<title>R\u00f6hr impresses at the Classic-Gala - b&amp;m Homepage<\/title>\n<meta name=\"robots\" content=\"index, follow, max-snippet:-1, max-image-preview:large, max-video-preview:-1\" \/>\n<link rel=\"canonical\" href=\"https:\/\/www.baier-michels.com\/es\/news\/roehr-impresses-at-the-classic-gala-3\/\" \/>\n<meta property=\"og:locale\" content=\"es_ES\" \/>\n<meta property=\"og:type\" content=\"article\" \/>\n<meta property=\"og:title\" content=\"R\u00f6hr impresses at the Classic-Gala - b&amp;m Homepage\" \/>\n<meta property=\"og:description\" content=\"At the 18th edition of the Classic Gala in the picturesque baroque garden of Schwetzingen Castle, 160 historic automobiles were in the spotlight from September 2 to 4 &#8211; including\" \/>\n<meta property=\"og:url\" content=\"https:\/\/www.baier-michels.com\/es\/news\/roehr-impresses-at-the-classic-gala-3\/\" \/>\n<meta property=\"og:site_name\" content=\"b&amp;m Homepage\" \/>\n<meta property=\"article:modified_time\" content=\"2024-06-20T11:10:30+00:00\" \/>\n<meta name=\"twitter:card\" content=\"summary_large_image\" \/>\n<meta name=\"twitter:label1\" content=\"Tiempo de lectura\" \/>\n\t<meta name=\"twitter:data1\" content=\"1 minuto\" \/>\n<script type=\"application\/ld+json\" class=\"yoast-schema-graph\">{\"@context\":\"https:\\\/\\\/schema.org\",\"@graph\":[{\"@type\":\"WebPage\",\"@id\":\"https:\\\/\\\/www.baier-michels.com\\\/es\\\/news\\\/roehr-impresses-at-the-classic-gala-3\\\/\",\"url\":\"https:\\\/\\\/www.baier-michels.com\\\/es\\\/news\\\/roehr-impresses-at-the-classic-gala-3\\\/\",\"name\":\"R\u00f6hr impresses at the Classic-Gala - b&amp;m Homepage\",\"isPartOf\":{\"@id\":\"https:\\\/\\\/www.baier-michels.com\\\/es\\\/#website\"},\"datePublished\":\"2022-09-10T23:00:00+00:00\",\"dateModified\":\"2024-06-20T11:10:30+00:00\",\"breadcrumb\":{\"@id\":\"https:\\\/\\\/www.baier-michels.com\\\/es\\\/news\\\/roehr-impresses-at-the-classic-gala-3\\\/#breadcrumb\"},\"inLanguage\":\"es\",\"potentialAction\":[{\"@type\":\"ReadAction\",\"target\":[\"https:\\\/\\\/www.baier-michels.com\\\/es\\\/news\\\/roehr-impresses-at-the-classic-gala-3\\\/\"]}]},{\"@type\":\"BreadcrumbList\",\"@id\":\"https:\\\/\\\/www.baier-michels.com\\\/es\\\/news\\\/roehr-impresses-at-the-classic-gala-3\\\/#breadcrumb\",\"itemListElement\":[{\"@type\":\"ListItem\",\"position\":1,\"name\":\"Startseite\",\"item\":\"https:\\\/\\\/www.baier-michels.com\\\/es\\\/\"},{\"@type\":\"ListItem\",\"position\":2,\"name\":\"\u00daltimas noticias\",\"item\":\"https:\\\/\\\/www.baier-michels.com\\\/es\\\/news\\\/\"},{\"@type\":\"ListItem\",\"position\":3,\"name\":\"R\u00f6hr impresses at the Classic-Gala\"}]},{\"@type\":\"WebSite\",\"@id\":\"https:\\\/\\\/www.baier-michels.com\\\/es\\\/#website\",\"url\":\"https:\\\/\\\/www.baier-michels.com\\\/es\\\/\",\"name\":\"b&m\",\"description\":\"baier&amp;michels Gmbh &amp; Co KG\",\"publisher\":{\"@id\":\"https:\\\/\\\/www.baier-michels.com\\\/es\\\/#organization\"},\"potentialAction\":[{\"@type\":\"SearchAction\",\"target\":{\"@type\":\"EntryPoint\",\"urlTemplate\":\"https:\\\/\\\/www.baier-michels.com\\\/es\\\/?s={search_term_string}\"},\"query-input\":{\"@type\":\"PropertyValueSpecification\",\"valueRequired\":true,\"valueName\":\"search_term_string\"}}],\"inLanguage\":\"es\"},{\"@type\":\"Organization\",\"@id\":\"https:\\\/\\\/www.baier-michels.com\\\/es\\\/#organization\",\"name\":\"baier & michels GmbH & Co KG\",\"url\":\"https:\\\/\\\/www.baier-michels.com\\\/es\\\/\",\"logo\":{\"@type\":\"ImageObject\",\"inLanguage\":\"es\",\"@id\":\"https:\\\/\\\/www.baier-michels.com\\\/es\\\/#\\\/schema\\\/logo\\\/image\\\/\",\"url\":\"\",\"contentUrl\":\"\",\"caption\":\"baier & michels GmbH & Co KG\"},\"image\":{\"@id\":\"https:\\\/\\\/www.baier-michels.com\\\/es\\\/#\\\/schema\\\/logo\\\/image\\\/\"},\"sameAs\":[\"https:\\\/\\\/www.linkedin.com\\\/company\\\/baier-michels\\\/?viewAsMember=true\",\"https:\\\/\\\/www.youtube.com\\\/channel\\\/UCdBWm_HCAtCjxiFZWloFYGw?view_as=subscriber\"]}]}<\/script>\n<!-- \/ Yoast SEO plugin. -->","yoast_head_json":{"title":"R\u00f6hr impresses at the Classic-Gala - b&amp;m Homepage","robots":{"index":"index","follow":"follow","max-snippet":"max-snippet:-1","max-image-preview":"max-image-preview:large","max-video-preview":"max-video-preview:-1"},"canonical":"https:\/\/www.baier-michels.com\/es\/news\/roehr-impresses-at-the-classic-gala-3\/","og_locale":"es_ES","og_type":"article","og_title":"R\u00f6hr impresses at the Classic-Gala - b&amp;m Homepage","og_description":"At the 18th edition of the Classic Gala in the picturesque baroque garden of Schwetzingen Castle, 160 historic automobiles were in the spotlight from September 2 to 4 &#8211; including","og_url":"https:\/\/www.baier-michels.com\/es\/news\/roehr-impresses-at-the-classic-gala-3\/","og_site_name":"b&amp;m Homepage","article_modified_time":"2024-06-20T11:10:30+00:00","twitter_card":"summary_large_image","twitter_misc":{"Tiempo de lectura":"1 minuto"},"schema":{"@context":"https:\/\/schema.org","@graph":[{"@type":"WebPage","@id":"https:\/\/www.baier-michels.com\/es\/news\/roehr-impresses-at-the-classic-gala-3\/","url":"https:\/\/www.baier-michels.com\/es\/news\/roehr-impresses-at-the-classic-gala-3\/","name":"R\u00f6hr impresses at the Classic-Gala - b&amp;m Homepage","isPartOf":{"@id":"https:\/\/www.baier-michels.com\/es\/#website"},"datePublished":"2022-09-10T23:00:00+00:00","dateModified":"2024-06-20T11:10:30+00:00","breadcrumb":{"@id":"https:\/\/www.baier-michels.com\/es\/news\/roehr-impresses-at-the-classic-gala-3\/#breadcrumb"},"inLanguage":"es","potentialAction":[{"@type":"ReadAction","target":["https:\/\/www.baier-michels.com\/es\/news\/roehr-impresses-at-the-classic-gala-3\/"]}]},{"@type":"BreadcrumbList","@id":"https:\/\/www.baier-michels.com\/es\/news\/roehr-impresses-at-the-classic-gala-3\/#breadcrumb","itemListElement":[{"@type":"ListItem","position":1,"name":"Startseite","item":"https:\/\/www.baier-michels.com\/es\/"},{"@type":"ListItem","position":2,"name":"\u00daltimas noticias","item":"https:\/\/www.baier-michels.com\/es\/news\/"},{"@type":"ListItem","position":3,"name":"R\u00f6hr impresses at the Classic-Gala"}]},{"@type":"WebSite","@id":"https:\/\/www.baier-michels.com\/es\/#website","url":"https:\/\/www.baier-michels.com\/es\/","name":"b&m","description":"baier&amp;michels Gmbh &amp; Co KG","publisher":{"@id":"https:\/\/www.baier-michels.com\/es\/#organization"},"potentialAction":[{"@type":"SearchAction","target":{"@type":"EntryPoint","urlTemplate":"https:\/\/www.baier-michels.com\/es\/?s={search_term_string}"},"query-input":{"@type":"PropertyValueSpecification","valueRequired":true,"valueName":"search_term_string"}}],"inLanguage":"es"},{"@type":"Organization","@id":"https:\/\/www.baier-michels.com\/es\/#organization","name":"baier & michels GmbH & Co KG","url":"https:\/\/www.baier-michels.com\/es\/","logo":{"@type":"ImageObject","inLanguage":"es","@id":"https:\/\/www.baier-michels.com\/es\/#\/schema\/logo\/image\/","url":"","contentUrl":"","caption":"baier & michels GmbH & Co KG"},"image":{"@id":"https:\/\/www.baier-michels.com\/es\/#\/schema\/logo\/image\/"},"sameAs":["https:\/\/www.linkedin.com\/company\/baier-michels\/?viewAsMember=true","https:\/\/www.youtube.com\/channel\/UCdBWm_HCAtCjxiFZWloFYGw?view_as=subscriber"]}]}},"_links":{"self":[{"href":"https:\/\/www.baier-michels.com\/es\/wp-json\/wp\/v2\/news\/9331","targetHints":{"allow":["GET"]}}],"collection":[{"href":"https:\/\/www.baier-michels.com\/es\/wp-json\/wp\/v2\/news"}],"about":[{"href":"https:\/\/www.baier-michels.com\/es\/wp-json\/wp\/v2\/types\/news"}],"author":[{"embeddable":true,"href":"https:\/\/www.baier-michels.com\/es\/wp-json\/wp\/v2\/users\/2"}],"wp:attachment":[{"href":"https:\/\/www.baier-michels.com\/es\/wp-json\/wp\/v2\/media?parent=9331"}],"curies":[{"name":"wp","href":"https:\/\/api.w.org\/{rel}","templated":true}]}}